{"id":10844,"date":"2026-09-01T14:41:06","date_gmt":"2026-09-01T17:41:06","guid":{"rendered":"https:\/\/revistaferreteros.com.ar\/?p=10844"},"modified":"2026-09-01T14:41:07","modified_gmt":"2026-09-01T17:41:07","slug":"prive-digital-force-seguridad-evoluciona","status":"publish","type":"post","link":"https:\/\/revistaferreteros.com.ar\/en\/prive-digital-force-seguridad-evoluciona\/","title":{"rendered":"Prive Digital Force, la seguridad que evoluciona"},"content":{"rendered":"<p class=\"wp-block-paragraph\">Hoy, las cerraduras inteligentes se consolidan como una alternativa moderna, pr\u00e1ctica y cada vez m\u00e1s elegida por quienes buscan combinar protecci\u00f3n, comodidad y tecnolog\u00eda, en esa l\u00ednea trabaja Prive Digital Force.<\/p>\n\n\n\n<h2 class=\"wp-block-heading\"><strong>Destacados de Prive Digital Force<\/strong><\/h2>\n\n\n\n<p class=\"wp-block-paragraph\">La principal diferencia respecto de las cerraduras tradicionales radica en la multiplicidad de formas de acceso. Ya no es necesario depender exclusivamente deuna llave f\u00edsica: huellas digitales, c\u00f3digos num\u00e9ricos, tarjetas RFID, aplicaciones m\u00f3viles e incluso sistemas biom\u00e9tricos avanzados permiten ingresar de manera r\u00e1pida y segura. Esta evoluci\u00f3n responde a nuevas necesidades de los usuarios, que buscanmayor control sobre qui\u00e9n accede a sus espacios y cu\u00e1ndo lo hace.<\/p>\n\n\n\n<p class=\"wp-block-paragraph\">Adem\u00e1s de simplificar el ingreso diario, las cerraduras inteligentes ofrecen funcionalidades que hasta hace algunos a\u00f1os parec\u00edan exclusivas de edificioscorporativos. La posibilidad de generar accesos temporales para visitas, monitorear aperturas o administrar permisos de manera remota a trav\u00e9s de nuestra aplicaci\u00f3n exclusiva PRIVE Digital Force, son algunas de las herramientas que est\u00e1n transformando la forma en que entendemos la seguridad.<\/p>\n\n\n\n<p class=\"wp-block-paragraph\">En este contexto, PRIVE Digital Force contin\u00faa ampliando su propuesta tecnol\u00f3gica con una nueva l\u00ednea de cerraduras inteligentes dise\u00f1adas para distintos perfiles de usuarios. Desde soluciones ideales para viviendas particulares hasta modelos de alta gama con reconocimiento biom\u00e9trico avanzado, la marca apuesta por acercar innovaci\u00f3n y seguridad a un mercado que crece de manera sostenida.<\/p>\n\n\n\n<p class=\"wp-block-paragraph\">La incorporaci\u00f3n de tecnolog\u00edas como el reconocimiento facial, el control mediante aplicaciones m\u00f3viles y los sistemas biom\u00e9tricos de \u00faltima generaci\u00f3n demuestran que la seguridad ya no se limita a resistir intentos de intrusi\u00f3n. Hoy tambi\u00e9n implica ofrecer una experiencia m\u00e1s c\u00f3moda, eficiente y adaptada a los h\u00e1bitos digitales de las personas.<\/p>\n\n\n\n<figure class=\"wp-block-image aligncenter size-full\"><img fetchpriority=\"high\" decoding=\"async\" width=\"500\" height=\"350\" src=\"https:\/\/revistaferreteros.com.ar\/wp-content\/uploads\/2026\/08\/PRIVE-DIGITAL-FORCE-GRISADO.webp\" alt=\"Prive digital Froce, la seguridad que evoluciona\" class=\"wp-image-10843\" title=\"\" srcset=\"https:\/\/revistaferreteros.com.ar\/wp-content\/uploads\/2026\/08\/PRIVE-DIGITAL-FORCE-GRISADO.webp 500w, https:\/\/revistaferreteros.com.ar\/wp-content\/uploads\/2026\/08\/PRIVE-DIGITAL-FORCE-GRISADO-300x210.webp 300w, https:\/\/revistaferreteros.com.ar\/wp-content\/uploads\/2026\/08\/PRIVE-DIGITAL-FORCE-GRISADO-18x12.webp 18w\" sizes=\"(max-width: 500px) 100vw, 500px\" \/><figcaption class=\"wp-element-caption\">Prive digital Froce, la seguridad que evoluciona<\/figcaption><\/figure>\n\n\n\n<p class=\"wp-block-paragraph\">Con la llegada de estas nuevas soluciones, PRIVE Digital Force reafirma su compromiso con la innovaci\u00f3n y acompa\u00f1a una tendencia global que est\u00e1 redefiniendo los est\u00e1ndares de protecci\u00f3n para hogares, oficinas y espacios comerciales. A esto se suma la tranquilidad de contar con garant\u00eda y soporte en todos los productos, respaldados por una empresa argentina con m\u00e1s de 95 a\u00f1os de trayectoria. Porque en un mundocada vez m\u00e1s conectado, la seguridad tambi\u00e9n evoluciona.<\/p>\n\n\n\n<p class=\"wp-block-paragraph\">No dudes en contactarnos por mayor informaci\u00f3n a trav\u00e9s de nuestros canales oficiales<\/p>\n\n\n\n<p class=\"wp-block-paragraph\"><strong>PRIVE Cerraduras y Laminaci\u00f3n S.A.I.C.<\/strong><\/p>\n\n\n\n<p class=\"wp-block-paragraph\">Conoce toda la l\u00ednea en: <strong><a href=\"https:\/\/privedigitalforce.com.ar\/\" target=\"_blank\" rel=\"noreferrer noopener\">privedigitalforce.com.ar<\/a><\/strong><\/p>\n\n\n\n<p class=\"wp-block-paragraph\">Conoce todo de la empresa: \u00a0<strong><a href=\"https:\/\/cerradurasprive.com\/\" target=\"_blank\" rel=\"noreferrer noopener\">cerradurasprive.com<\/a><\/strong><\/p>\n\n\n\n<p class=\"wp-block-paragraph\">Seguilos: IG: <strong><a href=\"https:\/\/www.instagram.com\/cerradurasprive\/\" target=\"_blank\" rel=\"noreferrer noopener\">@cerradurasprive<\/a><\/strong><\/p>\n\n\n\n<h2 class=\"wp-block-heading\">\u00bfTe Gusta Nuestro Contenido?<\/h2>\n\n\n\n<p class=\"wp-block-paragraph\">No olvides de&nbsp;<strong><a href=\"https:\/\/revistaferreteros.com.ar\/contacto\/\" target=\"_blank\" rel=\"noopener\">suscribirte a nuestro newsletter<\/a><\/strong>&nbsp;para estar siempre al tanto de todas las novedades al momento.<\/p>\n\n\n\n<p class=\"wp-block-paragraph\">Puedes pasar por nuestro&nbsp;<a href=\"https:\/\/revistaferreteros.com.ar\/catalogo-ferretero\/\" target=\"_blank\" rel=\"noopener\">cat\u00e1logo&nbsp;<\/a>para ver todos los&nbsp;<a href=\"https:\/\/revistaferreteros.com.ar\/product-category\/categrias\/\" target=\"_blank\" rel=\"noopener\">productos&nbsp;<\/a>que ofrecen las&nbsp;<a href=\"https:\/\/revistaferreteros.com.ar\/empresas\/\" target=\"_blank\" rel=\"noopener\">empresas&nbsp;<\/a>del sector ferretero.<\/p>\n\n\n\n<p class=\"wp-block-paragraph\">Encontrar\u00e1s empresas de primera l\u00ednea y todos los productos para tu ferreter\u00eda. Rec\u00f3rrelo y disfruta de todo.<\/p>\n\n\n\n<p class=\"wp-block-paragraph\">Si quer\u00e9s ser anunciante y darnos tu apoyo cont\u00e1ctanos por whatsapp al&nbsp;<a href=\"http:\/\/+541144408542\/\" target=\"_blank\" rel=\"noopener\">+541144408542<\/a>&nbsp;o a trav\u00e9s de nuestro&nbsp;<strong><a href=\"https:\/\/revistaferreteros.com.ar\/contacto\/#ser-anunciante\" target=\"_blank\" rel=\"noopener\">formulario de contacto<\/a>.<\/strong><\/p>\n\n\n\n<h4 class=\"wp-block-heading\">Te invitamos a que descargues la&nbsp;<a href=\"https:\/\/revistaferreteros.com.ar\/revista-ferreteros-ultima-edicion\/\">\u00faltima edici\u00f3n<\/a>&nbsp;de la<strong><a href=\"https:\/\/revistaferreteros.com.ar\/revista-ferreteros\/\" target=\"_blank\" rel=\"noopener\">&nbsp;Revista Ferreteros<\/a>:<\/strong><\/h4>\n\n\n\n<p class=\"wp-block-paragraph\"><\/p>\n\n\n\n<figure class=\"wp-block-image aligncenter is-resized\"><img decoding=\"async\" width=\"652\" height=\"850\" src=\"https:\/\/revistaferreteros.com.ar\/wp-content\/uploads\/2026\/08\/tapa-ferreteros-1102-web-comp.jpg\" alt=\"tapa ferreteros 1102 web comp\" class=\"wp-image-10822\" style=\"width:439px;height:auto\" title=\"Bluetools ampl\u00eda la l\u00ednea industrial de Duroll 6\" srcset=\"https:\/\/revistaferreteros.com.ar\/wp-content\/uploads\/2026\/08\/tapa-ferreteros-1102-web-comp.jpg 652w, https:\/\/revistaferreteros.com.ar\/wp-content\/uploads\/2026\/08\/tapa-ferreteros-1102-web-comp-230x300.jpg 230w, https:\/\/revistaferreteros.com.ar\/wp-content\/uploads\/2026\/08\/tapa-ferreteros-1102-web-comp-9x12.jpg 9w, https:\/\/revistaferreteros.com.ar\/wp-content\/uploads\/2026\/08\/tapa-ferreteros-1102-web-comp-600x782.jpg 600w\" sizes=\"(max-width: 652px) 100vw, 652px\" \/><figcaption class=\"wp-element-caption\">Tapa Revista Ferreteros Edicion 1102<\/figcaption><\/figure>\n\n\n\n<p class=\"wp-block-paragraph\">Y si llegaste hasta ac\u00e1, &nbsp;<strong><a href=\"https:\/\/www.instagram.com\/revistaferreteros\/\" target=\"_blank\" rel=\"noopener\">seguinos en Instagram<\/a><\/strong>&nbsp;para las&nbsp;<a href=\"https:\/\/revistaferreteros.com.ar\/novedades\/\" target=\"_blank\" rel=\"noopener\"><strong>novedades&nbsp;<\/strong><\/a>al instante<\/p>","protected":false},"excerpt":{"rendered":"<p>Durante d\u00e9cadas, las cerraduras mec\u00e1nicas fueron el est\u00e1ndar indiscutido para<br \/>\nproteger hogares, oficinas y comercios. Sin embargo, la transformaci\u00f3n digital que<br \/>\natraviesa pr\u00e1cticamente todos los aspectos de nuestra vida cotidiana tambi\u00e9n lleg\u00f3 a la<br \/>\nseguridad de los accesos, por eso presentamos Prive Digital Force. <\/p>","protected":false},"author":1,"featured_media":10842,"comment_status":"open","ping_status":"open","sticky":false,"template":"","format":"standard","meta":{"_eb_attr":"","_mi_skip_tracking":false,"_monsterinsights_sitenote_active":false,"_monsterinsights_sitenote_note":"","_monsterinsights_sitenote_category":0,"site-sidebar-layout":"default","site-content-layout":"","ast-site-content-layout":"default","site-content-style":"default","site-sidebar-style":"default","ast-global-header-display":"","ast-banner-title-visibility":"","ast-main-header-display":"","ast-hfb-above-header-display":"","ast-hfb-below-header-display":"","ast-hfb-mobile-header-display":"","site-post-title":"","ast-breadcrumbs-content":"","ast-featured-img":"","footer-sml-layout":"","ast-disable-related-posts":"","theme-transparent-header-meta":"","adv-header-id-meta":"","stick-header-meta":"","header-above-stick-meta":"","header-main-stick-meta":"","header-below-stick-meta":"","astra-migrate-meta-layouts":"set","ast-page-background-enabled":"default","ast-page-background-meta":{"desktop":{"background-color":"var(--ast-global-color-4)","background-image":"","background-repeat":"repeat","background-position":"center center","background-size":"auto","background-attachment":"scroll","background-type":"","background-media":"","overlay-type":"","overlay-color":"","overlay-opacity":"","overlay-gradient":""},"tablet":{"background-color":"","background-image":"","background-repeat":"repeat","background-position":"center center","background-size":"auto","background-attachment":"scroll","background-type":"","background-media":"","overlay-type":"","overlay-color":"","overlay-opacity":"","overlay-gradient":""},"mobile":{"background-color":"","background-image":"","background-repeat":"repeat","background-position":"center center","background-size":"auto","background-attachment":"scroll","background-type":"","background-media":"","overlay-type":"","overlay-color":"","overlay-opacity":"","overlay-gradient":""}},"ast-content-background-meta":{"desktop":{"background-color":"var(--ast-global-color-5)","background-image":"","background-repeat":"repeat","background-position":"center center","background-size":"auto","background-attachment":"scroll","background-type":"","background-media":"","overlay-type":"","overlay-color":"","overlay-opacity":"","overlay-gradient":""},"tablet":{"background-color":"var(--ast-global-color-5)","background-image":"","background-repeat":"repeat","background-position":"center center","background-size":"auto","background-attachment":"scroll","background-type":"","background-media":"","overlay-type":"","overlay-color":"","overlay-opacity":"","overlay-gradient":""},"mobile":{"background-color":"var(--ast-global-color-5)","background-image":"","background-repeat":"repeat","background-position":"center center","background-size":"auto","background-attachment":"scroll","background-type":"","background-media":"","overlay-type":"","overlay-color":"","overlay-opacity":"","overlay-gradient":""}},"footnotes":""},"categories":[66,915,296,273,699],"tags":[136,134,160,916,49],"class_list":["post-10844","post","type-post","status-publish","format-standard","has-post-thumbnail","hentry","category-marca","category-cerraduras","category-industria-ferretera","category-interes-general","category-seguridad","tag-destacada","tag-destacado","tag-ferreterias","tag-prive-digital-force","tag-sector-ferretero"],"_links":{"self":[{"href":"https:\/\/revistaferreteros.com.ar\/en\/wp-json\/wp\/v2\/posts\/10844","targetHints":{"allow":["GET"]}}],"collection":[{"href":"https:\/\/revistaferreteros.com.ar\/en\/wp-json\/wp\/v2\/posts"}],"about":[{"href":"https:\/\/revistaferreteros.com.ar\/en\/wp-json\/wp\/v2\/types\/post"}],"author":[{"embeddable":true,"href":"https:\/\/revistaferreteros.com.ar\/en\/wp-json\/wp\/v2\/users\/1"}],"replies":[{"embeddable":true,"href":"https:\/\/revistaferreteros.com.ar\/en\/wp-json\/wp\/v2\/comments?post=10844"}],"version-history":[{"count":1,"href":"https:\/\/revistaferreteros.com.ar\/en\/wp-json\/wp\/v2\/posts\/10844\/revisions"}],"predecessor-version":[{"id":10845,"href":"https:\/\/revistaferreteros.com.ar\/en\/wp-json\/wp\/v2\/posts\/10844\/revisions\/10845"}],"wp:featuredmedia":[{"embeddable":true,"href":"https:\/\/revistaferreteros.com.ar\/en\/wp-json\/wp\/v2\/media\/10842"}],"wp:attachment":[{"href":"https:\/\/revistaferreteros.com.ar\/en\/wp-json\/wp\/v2\/media?parent=10844"}],"wp:term":[{"taxonomy":"category","embeddable":true,"href":"https:\/\/revistaferreteros.com.ar\/en\/wp-json\/wp\/v2\/categories?post=10844"},{"taxonomy":"post_tag","embeddable":true,"href":"https:\/\/revistaferreteros.com.ar\/en\/wp-json\/wp\/v2\/tags?post=10844"}],"curies":[{"name":"wp","href":"https:\/\/api.w.org\/{rel}","templated":true}]}}