{"id":10838,"date":"2026-09-01T10:29:23","date_gmt":"2026-09-01T13:29:23","guid":{"rendered":"https:\/\/revistaferreteros.com.ar\/?p=10838"},"modified":"2026-09-01T14:36:22","modified_gmt":"2026-09-01T17:36:22","slug":"dia-del-ferretero-y-espacio-cafara-2026","status":"publish","type":"post","link":"https:\/\/revistaferreteros.com.ar\/en\/dia-del-ferretero-y-espacio-cafara-2026\/","title":{"rendered":"D\u00eda del Ferretero y Espacio CAFARA 2026"},"content":{"rendered":"<p class=\"wp-block-paragraph\">Septiembre es el mes del ferretero argentino. El 3 de septiembre se celebra el <strong>D\u00eda del Ferretero<\/strong>, y CAFARA eligi\u00f3 este mes para llevar Espacio CAFARA a Rosario y celebrarlo junto al sector con una jornada que re\u00fane lo mejor del rubro en un mismo lugar.<\/p>\n\n\n\n<p class=\"wp-block-paragraph\">El <strong>24 de septiembre<\/strong> a partir de las <strong>16:00 a 21:30 hs<\/strong> el Centro Castilla de la Ciudad de Rosario ser\u00e1 el escenario del encuentro de networking, exposici\u00f3n y capacitaci\u00f3n &nbsp;de Espacio CAFARA, con la presentaci\u00f3n de la <strong>edici\u00f3n Especial<\/strong> <strong>de Revista Ferreteros<\/strong> y la presencia de diecis\u00e9is empresas referentes del mercado ferretero nacional.<\/p>\n\n\n\n<p class=\"wp-block-paragraph\">El evento es de <strong>acceso sin cargo para ferreteros<\/strong>, con <strong>inscripci\u00f3n previa obligatoria<\/strong> dado que los cupos son limitados. Una vez finalizada la jornada, se realizar\u00e1 la cena del D\u00eda del Ferretero para quienes hayan reservado su lugar y se sumen al festejo.<\/p>\n\n\n\n<h2 class=\"wp-block-heading\"><strong>Las empresas del sector<\/strong><\/h2>\n\n\n\n<p class=\"wp-block-paragraph\">Empresas l\u00edderes eligieron Espacio CAFARA como plataforma para llegar a nuevos clientes del interior del pa\u00eds, fortalecer su red comercial y estar presentes donde est\u00e1 el sector.<\/p>\n\n\n\n<p class=\"wp-block-paragraph\"><strong>AEROFARMA KUWAIT<\/strong> \u2014 Empresa pionera en la industria del aerosol. Industria nacional, calidad Argentina<\/p>\n\n\n\n<p class=\"wp-block-paragraph\"><strong>ALIAFOR:<\/strong> Herramientas profesionales para la construcci\u00f3n: discos diamantados, abrasivos, brocas, accesorios de soldadura y l\u00ednea de pintura.<\/p>\n\n\n\n<p class=\"wp-block-paragraph\"><strong>BRAVOOS DISTRIBUIDORA:<\/strong> Somos una empresa dedicada al servicio y gesti\u00f3n de tus necesidades con la mayor eficiencia<\/p>\n\n\n\n<p class=\"wp-block-paragraph\"><strong>CERRADURAS PRIVE:<\/strong> L\u00edder argentino en cerraduras desde 1928, combinando innovaci\u00f3n, calidad y fabricaci\u00f3n nacional. Referente en el segmento de seguridad del hogar en el canal ferretero.<\/p>\n\n\n\n<p class=\"wp-block-paragraph\"><strong>CORESA Marcas JADEVER YDCK<\/strong> \u2014 Herramientas el\u00e9ctricas y de mano para el sector ferretero y la construcci\u00f3n.<\/p>\n\n\n\n<p class=\"wp-block-paragraph\"><strong>DECOR<\/strong> Nos dedicamos a fabricar y distribuir barrales y accesorios para cortinas con la m\u00e1s alta calidad, adapt\u00e1ndonos a las necesidades de cada cliente a trav\u00e9s de un amplio stock de madera y metal. Desde 1978, nuestra pasi\u00f3n por la excelencia nos ha llevado a ser l\u00edderes en el mercado nacional, ofreciendo productos que se destacan por su dise\u00f1o, terminaci\u00f3n y durabilidad.<\/p>\n\n\n\n<p class=\"wp-block-paragraph\"><strong>EL GALGO<\/strong>\u2014 &nbsp;75 a\u00f1os fabricando pinceles, rodillos y herramientas de calidad para profesionales de la pintura.<\/p>\n\n\n\n<p class=\"wp-block-paragraph\"><strong>EVEL<\/strong>\u2014 Soluciones para el sector ferretero con presencia en ferreter\u00edas de todo el pa\u00eds. Cintas de medici\u00f3n de industria nacional.<\/p>\n\n\n\n<p class=\"wp-block-paragraph\"><strong>EZVIZ:<\/strong> Con m\u00e1s de una d\u00e9cada en el mercado, hemos crecido y evolucionado hasta convertirnos en una empresa l\u00edder a nivel mundial, ampliando nuestra capacidad desde la seguridad inteligente hasta la vida inteligente<\/p>\n\n\n\n<p class=\"wp-block-paragraph\"><strong>GRUPO MARETEC<\/strong>: Tecnolog\u00eda que inspira confianza y soluciones que acompa\u00f1an cada proyecto.\u201d<\/p>\n\n\n\n<p class=\"wp-block-paragraph\"><strong>FERREMAX Distribuidora:<\/strong> Socio estrat\u00e9gico con el que todo ferretero debe contar en su cartera de proveedores. Soluciones integrales, con el mejor servicio y el precio justo.<\/p>\n\n\n\n<p class=\"wp-block-paragraph\"><strong>MEYER:<\/strong> Presentes en Rosario desde hace m\u00e1s de 45 a\u00f1os. Atenci\u00f3n y asesoramiento personalizado. Servicio T\u00e9cnico Oficial de Herramientas BOSCH SKIL Y DREMEL. Distribuidor para ferreter\u00edas de herramientas el\u00e9ctricas &#8211; accesorios &#8211; repuestos.&#8221;<\/p>\n\n\n\n<p class=\"wp-block-paragraph\"><strong>MIURA PINTURAS:<\/strong> Miura Pinturas es una marca respaldada y garantizada por Pinturas Pacl\u00edn, empresa cordobesa con m\u00e1s de 40 a\u00f1os de trayectoria en la fabricaci\u00f3n de pinturas. Nace como una propuesta desarrollada especialmente para ferreter\u00edas y corralones, comercializada exclusivamente a trav\u00e9s de distribuidores, con una l\u00ednea de productos pensada para ofrecer calidad, variedad, competitividad y rentabilidad en el punto de venta.<\/p>\n\n\n\n<p class=\"wp-block-paragraph\"><strong>PROSPRAY:<\/strong> Empresa argentina especializada en el desarrollo, fabricaci\u00f3n y comercializaci\u00f3n de productos en aerosol, grasas, cremas y formulaciones en pote, orientados a los sectores automotor, industrial y del hogar, con foco en la calidad, la innovaci\u00f3n y la mejora continua.<\/p>\n\n\n\n<p class=\"wp-block-paragraph\"><strong>RONIX TOOL:<\/strong> Ingenier\u00eda alemana en herramientas a bater\u00eda y manuales, representada oficialmente por IXNOVA.<\/p>\n\n\n\n<p class=\"wp-block-paragraph\"><strong>WEILEN:<\/strong> Empresa argentina con m\u00e1s de 25 a\u00f1os de experiencia en la importaci\u00f3n y distribuci\u00f3n nacional de m\u00e1quinas, herramientas, pinturas e insumos; representante oficial del Grupo AkzoNobel, distribuyendo Alba, Cetol y Brikol, e importador oficial y exclusivo de Hoteche y Victeche en Argentina<\/p>\n\n\n\n<p class=\"wp-block-paragraph\">Cada una de estas empresas participa con el objetivo de establecer v\u00ednculos directos con comerciantes y distribuidores de la regi\u00f3n, presentar sus productos y novedades en un formato \u00edntimo y de alta calidad, y ampliar su presencia en el mercado del interior del pa\u00eds.<\/p>\n\n\n\n<figure class=\"wp-block-image aligncenter size-large\"><img fetchpriority=\"high\" decoding=\"async\" width=\"1024\" height=\"512\" src=\"https:\/\/revistaferreteros.com.ar\/wp-content\/uploads\/2026\/06\/ESPACIO-CAFARA-CONCURRENCIA-1024x512.webp\" alt=\"Im\u00e1genes de distintos momentos de Espacio CAFARA 2024. y Dia del Ferretero\" class=\"wp-image-10616\" title=\"\" srcset=\"https:\/\/revistaferreteros.com.ar\/wp-content\/uploads\/2026\/06\/ESPACIO-CAFARA-CONCURRENCIA-1024x512.webp 1024w, https:\/\/revistaferreteros.com.ar\/wp-content\/uploads\/2026\/06\/ESPACIO-CAFARA-CONCURRENCIA-300x150.webp 300w, https:\/\/revistaferreteros.com.ar\/wp-content\/uploads\/2026\/06\/ESPACIO-CAFARA-CONCURRENCIA-768x384.webp 768w, https:\/\/revistaferreteros.com.ar\/wp-content\/uploads\/2026\/06\/ESPACIO-CAFARA-CONCURRENCIA-18x9.webp 18w, https:\/\/revistaferreteros.com.ar\/wp-content\/uploads\/2026\/06\/ESPACIO-CAFARA-CONCURRENCIA-600x300.webp 600w, https:\/\/revistaferreteros.com.ar\/wp-content\/uploads\/2026\/06\/ESPACIO-CAFARA-CONCURRENCIA.webp 1200w\" sizes=\"(max-width: 1024px) 100vw, 1024px\" \/><figcaption class=\"wp-element-caption\">Im\u00e1genes de distintos momentos de Espacio CAFARA 2024<\/figcaption><\/figure>\n\n\n\n<h2 class=\"wp-block-heading\"><strong>Un evento para toda la cadena<\/strong><\/h2>\n\n\n\n<p class=\"wp-block-paragraph\">Espacio CAFARA est\u00e1 dise\u00f1ado para generar valor en los dos sentidos de la cadena ferretera. Para las empresas que exponen, es la oportunidad de hablar directamente con sus clientes reales, sin intermediarios, en un ambiente donde la conversaci\u00f3n es posible. Para los ferreteros que asisten, es el acceso a las \u00faltimas novedades y tendencias del mercado en una sola tarde, sin necesidad de viajar a Buenos Aires.<\/p>\n\n\n\n<p class=\"wp-block-paragraph\">Sergio Angiulli, presidente de CAFARA, explic\u00f3 el sentido estrat\u00e9gico de estos encuentros:<\/p>\n\n\n\n<p class=\"wp-block-paragraph\"><em>&#8220;Tanto Espacio CAFARA como ExpoFerretera representan oportunidades fundamentales para la industria ferretera. Estos encuentros permiten a fabricantes y proveedores presentar sus productos, innovaciones y soluciones, establecer v\u00ednculos directos con comerciantes y distribuidores, y ampliar su presencia en el mercado. Al mismo tiempo, acercan a las ferreter\u00edas las \u00faltimas novedades y tendencias, generando un intercambio que beneficia a toda la cadena de valor.&#8221;<\/em><\/p>\n\n\n\n<p class=\"wp-block-paragraph\">Y sobre el compromiso federal de la instituci\u00f3n afirm\u00f3: <em>&#8220;La realizaci\u00f3n de Espacio CAFARA en Rosario reafirma el compromiso federal de nuestra instituci\u00f3n. Queremos que la C\u00e1mara est\u00e9 cada vez m\u00e1s cerca de las ferreter\u00edas de todo el pa\u00eds, escuchando sus necesidades y acercando conocimiento, capacitaci\u00f3n y oportunidades comerciales a cada regi\u00f3n. Es un gran mes porque festejamos el D\u00eda del Ferretero.&#8221;<\/em><\/p>\n\n\n\n<h2 class=\"wp-block-heading\"><strong>La cena del D\u00eda del Ferretero<\/strong><\/h2>\n\n\n\n<p class=\"wp-block-paragraph\">El cierre de la jornada tiene un significado especial. Septiembre es el mes en que el sector ferretero argentino se detiene a celebrarse a s\u00ed mismo. El 3 de septiembre es el D\u00eda del Ferretero, y CAFARA decidi\u00f3 que la cena del 24 sea tambi\u00e9n una oportunidad para honrar a quienes hacen posible el rubro todos los d\u00edas.<\/p>\n\n\n\n<p class=\"wp-block-paragraph\">Una cena compartida entre ferreteros, empresas del sector y la instituci\u00f3n que los representa desde 1905. Una forma concreta de decir que el D\u00eda del Ferretero no es una fecha en el calendario. Es una comunidad que se reconoce y se celebra. Para poder participar de la cena se debe realizar la reserva.<\/p>\n\n\n\n<h3 class=\"wp-block-heading\"><strong>El compromiso federal de CAFARA<\/strong> para el Dia del Ferretero<\/h3>\n\n\n\n<p class=\"wp-block-paragraph\">Esta es la segunda edici\u00f3n de Espacio CAFARA en Rosario. La primera se realiz\u00f3 el <strong>5 de diciembre de 2024<\/strong> y marc\u00f3 el inicio de una iniciativa que desde entonces recorri\u00f3 otras ciudades del interior del pa\u00eds. En 2025 lleg\u00f3 a Bariloche. En 2026 vuelve a Rosario, esta vez en el mes del D\u00eda del Ferretero y con la edici\u00f3n de cierre de Revista Ferreteros como protagonista editorial del encuentro.<\/p>\n\n\n\n<p class=\"wp-block-paragraph\">Cada edici\u00f3n confirma la misma premisa: el sector ferretero crece cuando tiene espacios propios donde encontrarse. No te quedes afuera de la cena del Dia del Ferretero<\/p>\n\n\n\n<h2 class=\"wp-block-heading\"><strong>C\u00f3mo participar<\/strong><\/h2>\n\n\n\n<p class=\"wp-block-paragraph\">El evento es de acceso <strong>sin cargo para ferreteros<\/strong> y requiere <strong>inscripci\u00f3n previa<\/strong>. Los cupos son limitados.<\/p>\n\n\n\n<p class=\"wp-block-paragraph\"><strong>M\u00e1s informaci\u00f3n e inscripciones en<\/strong>:<\/p>\n\n\n\n<p class=\"wp-block-paragraph\">&nbsp;<strong>espaciocafara.org.ar\/<\/strong><\/p>\n\n\n\n<p class=\"wp-block-paragraph\"><strong>&nbsp;Whatsapp: 11 51254740<\/strong><\/p>\n\n\n\n<p class=\"wp-block-paragraph\"><strong>Reserva cena D\u00eda del Ferretero:<\/strong><\/p>\n\n\n\n<p class=\"wp-block-paragraph\"><strong><a href=\"mailto:info@cafara.org.ar\/%20Whatsapp\">info@cafara.org.ar<\/a><\/strong><\/p>\n\n\n\n<p class=\"wp-block-paragraph\"><strong>What App:<\/strong> <strong>11 51254740<\/strong><\/p>\n\n\n\n<h2 class=\"wp-block-heading\">\u00bfTe Gusta Nuestro Contenido?<\/h2>\n\n\n\n<p class=\"wp-block-paragraph\">No olvides de&nbsp;<strong><a href=\"https:\/\/revistaferreteros.com.ar\/contacto\/\" target=\"_blank\" rel=\"noopener\">suscribirte a nuestro newsletter<\/a><\/strong>&nbsp;para estar siempre al tanto de todas las novedades al momento.<\/p>\n\n\n\n<p class=\"wp-block-paragraph\">Puedes pasar por nuestro&nbsp;<a href=\"https:\/\/revistaferreteros.com.ar\/catalogo-ferretero\/\" target=\"_blank\" rel=\"noopener\">cat\u00e1logo&nbsp;<\/a>para ver todos los&nbsp;<a href=\"https:\/\/revistaferreteros.com.ar\/product-category\/categrias\/\" target=\"_blank\" rel=\"noopener\">productos&nbsp;<\/a>que ofrecen las&nbsp;<a href=\"https:\/\/revistaferreteros.com.ar\/empresas\/\" target=\"_blank\" rel=\"noopener\">empresas&nbsp;<\/a>del sector ferretero.<\/p>\n\n\n\n<p class=\"wp-block-paragraph\">Encontrar\u00e1s empresas de primera l\u00ednea y todos los productos para tu ferreter\u00eda. Rec\u00f3rrelo y disfruta de todo.<\/p>\n\n\n\n<p class=\"wp-block-paragraph\">Si quer\u00e9s ser anunciante y darnos tu apoyo cont\u00e1ctanos por whatsapp al&nbsp;<a href=\"http:\/\/+541144408542\/\" target=\"_blank\" rel=\"noopener\">+541144408542<\/a>&nbsp;o a trav\u00e9s de nuestro&nbsp;<strong><a href=\"https:\/\/revistaferreteros.com.ar\/contacto\/#ser-anunciante\" target=\"_blank\" rel=\"noopener\">formulario de contacto<\/a>.<\/strong><\/p>\n\n\n\n<h4 class=\"wp-block-heading\">Te invitamos a que descargues la&nbsp;<a href=\"https:\/\/revistaferreteros.com.ar\/revista-ferreteros-ultima-edicion\/\">\u00faltima edici\u00f3n<\/a>&nbsp;de la<strong><a href=\"https:\/\/revistaferreteros.com.ar\/revista-ferreteros\/\" target=\"_blank\" rel=\"noopener\">&nbsp;Revista Ferreteros<\/a>:<\/strong><\/h4>\n\n\n\n<p class=\"wp-block-paragraph\"><\/p>\n\n\n\n<figure class=\"wp-block-image aligncenter is-resized\"><img decoding=\"async\" width=\"652\" height=\"850\" src=\"https:\/\/revistaferreteros.com.ar\/wp-content\/uploads\/2026\/08\/tapa-ferreteros-1102-web-comp.jpg\" alt=\"tapa ferreteros 1102 web comp\" class=\"wp-image-10822\" style=\"aspect-ratio:0.7670608608471757;width:502px;height:auto\" title=\"Bluetools ampl\u00eda la l\u00ednea industrial de Duroll 6\" srcset=\"https:\/\/revistaferreteros.com.ar\/wp-content\/uploads\/2026\/08\/tapa-ferreteros-1102-web-comp.jpg 652w, https:\/\/revistaferreteros.com.ar\/wp-content\/uploads\/2026\/08\/tapa-ferreteros-1102-web-comp-230x300.jpg 230w, https:\/\/revistaferreteros.com.ar\/wp-content\/uploads\/2026\/08\/tapa-ferreteros-1102-web-comp-9x12.jpg 9w, https:\/\/revistaferreteros.com.ar\/wp-content\/uploads\/2026\/08\/tapa-ferreteros-1102-web-comp-600x782.jpg 600w\" sizes=\"(max-width: 652px) 100vw, 652px\" \/><figcaption class=\"wp-element-caption\">Tapa Revista Ferreteros Edicion 1102<\/figcaption><\/figure>\n\n\n\n<p class=\"wp-block-paragraph\">Y si llegaste hasta ac\u00e1, &nbsp;<strong><a href=\"https:\/\/www.instagram.com\/revistaferreteros\/\" target=\"_blank\" rel=\"noopener\">seguinos en Instagram<\/a><\/strong>&nbsp;para las&nbsp;<a href=\"https:\/\/revistaferreteros.com.ar\/novedades\/\" target=\"_blank\" rel=\"noopener\"><strong>novedades&nbsp;<\/strong><\/a>al instante<\/p>","protected":false},"excerpt":{"rendered":"<p>Septiembre es el mes del ferretero argentino. El 3 de septiembre se celebra el D\u00eda del Ferretero, y CAFARA eligi\u00f3 este mes para llevar Espacio CAFARA a Rosario y celebrarlo junto al sector con una jornada que re\u00fane lo mejor del rubro en un mismo lugar. El 24 de septiembre a partir de las 16:00 [&hellip;]<\/p>","protected":false},"author":1,"featured_media":10837,"comment_status":"open","ping_status":"open","sticky":false,"template":"","format":"standard","meta":{"_eb_attr":"","_mi_skip_tracking":false,"_monsterinsights_sitenote_active":false,"_monsterinsights_sitenote_note":"","_monsterinsights_sitenote_category":0,"site-sidebar-layout":"default","site-content-layout":"","ast-site-content-layout":"default","site-content-style":"default","site-sidebar-style":"default","ast-global-header-display":"","ast-banner-title-visibility":"","ast-main-header-display":"","ast-hfb-above-header-display":"","ast-hfb-below-header-display":"","ast-hfb-mobile-header-display":"","site-post-title":"","ast-breadcrumbs-content":"","ast-featured-img":"","footer-sml-layout":"","ast-disable-related-posts":"","theme-transparent-header-meta":"","adv-header-id-meta":"","stick-header-meta":"","header-above-stick-meta":"","header-main-stick-meta":"","header-below-stick-meta":"","astra-migrate-meta-layouts":"set","ast-page-background-enabled":"default","ast-page-background-meta":{"desktop":{"background-color":"var(--ast-global-color-4)","background-image":"","background-repeat":"repeat","background-position":"center center","background-size":"auto","background-attachment":"scroll","background-type":"","background-media":"","overlay-type":"","overlay-color":"","overlay-opacity":"","overlay-gradient":""},"tablet":{"background-color":"","background-image":"","background-repeat":"repeat","background-position":"center center","background-size":"auto","background-attachment":"scroll","background-type":"","background-media":"","overlay-type":"","overlay-color":"","overlay-opacity":"","overlay-gradient":""},"mobile":{"background-color":"","background-image":"","background-repeat":"repeat","background-position":"center center","background-size":"auto","background-attachment":"scroll","background-type":"","background-media":"","overlay-type":"","overlay-color":"","overlay-opacity":"","overlay-gradient":""}},"ast-content-background-meta":{"desktop":{"background-color":"var(--ast-global-color-5)","background-image":"","background-repeat":"repeat","background-position":"center center","background-size":"auto","background-attachment":"scroll","background-type":"","background-media":"","overlay-type":"","overlay-color":"","overlay-opacity":"","overlay-gradient":""},"tablet":{"background-color":"var(--ast-global-color-5)","background-image":"","background-repeat":"repeat","background-position":"center center","background-size":"auto","background-attachment":"scroll","background-type":"","background-media":"","overlay-type":"","overlay-color":"","overlay-opacity":"","overlay-gradient":""},"mobile":{"background-color":"var(--ast-global-color-5)","background-image":"","background-repeat":"repeat","background-position":"center center","background-size":"auto","background-attachment":"scroll","background-type":"","background-media":"","overlay-type":"","overlay-color":"","overlay-opacity":"","overlay-gradient":""}},"footnotes":""},"categories":[37,36,671],"tags":[47,136,134,914,49],"class_list":["post-10838","post","type-post","status-publish","format-standard","has-post-thumbnail","hentry","category-institucional","category-cafara","category-espacio-cafara","tag-cafara","tag-destacada","tag-destacado","tag-dia-del-ferretero","tag-sector-ferretero"],"_links":{"self":[{"href":"https:\/\/revistaferreteros.com.ar\/en\/wp-json\/wp\/v2\/posts\/10838","targetHints":{"allow":["GET"]}}],"collection":[{"href":"https:\/\/revistaferreteros.com.ar\/en\/wp-json\/wp\/v2\/posts"}],"about":[{"href":"https:\/\/revistaferreteros.com.ar\/en\/wp-json\/wp\/v2\/types\/post"}],"author":[{"embeddable":true,"href":"https:\/\/revistaferreteros.com.ar\/en\/wp-json\/wp\/v2\/users\/1"}],"replies":[{"embeddable":true,"href":"https:\/\/revistaferreteros.com.ar\/en\/wp-json\/wp\/v2\/comments?post=10838"}],"version-history":[{"count":3,"href":"https:\/\/revistaferreteros.com.ar\/en\/wp-json\/wp\/v2\/posts\/10838\/revisions"}],"predecessor-version":[{"id":10841,"href":"https:\/\/revistaferreteros.com.ar\/en\/wp-json\/wp\/v2\/posts\/10838\/revisions\/10841"}],"wp:featuredmedia":[{"embeddable":true,"href":"https:\/\/revistaferreteros.com.ar\/en\/wp-json\/wp\/v2\/media\/10837"}],"wp:attachment":[{"href":"https:\/\/revistaferreteros.com.ar\/en\/wp-json\/wp\/v2\/media?parent=10838"}],"wp:term":[{"taxonomy":"category","embeddable":true,"href":"https:\/\/revistaferreteros.com.ar\/en\/wp-json\/wp\/v2\/categories?post=10838"},{"taxonomy":"post_tag","embeddable":true,"href":"https:\/\/revistaferreteros.com.ar\/en\/wp-json\/wp\/v2\/tags?post=10838"}],"curies":[{"name":"wp","href":"https:\/\/api.w.org\/{rel}","templated":true}]}}