{"id":10458,"date":"2026-04-23T13:10:04","date_gmt":"2026-04-23T16:10:04","guid":{"rendered":"https:\/\/revistaferreteros.com.ar\/?p=10458"},"modified":"2026-04-23T13:10:06","modified_gmt":"2026-04-23T16:10:06","slug":"dyllu-llega-al-mercado-una-propuesta-hobbista-del-grupo-impexpro","status":"publish","type":"post","link":"https:\/\/revistaferreteros.com.ar\/en\/dyllu-llega-al-mercado-una-propuesta-hobbista-del-grupo-impexpro\/","title":{"rendered":"DYLLU llega al mercado: una propuesta hobbista del grupo IMPEXPRO"},"content":{"rendered":"<p>Con presencia a nivel mundial, DYLLU aporta un cat\u00e1logo completo y vers\u00e1til de herramientas desarrolladas con las \u00faltimas tecnolog\u00edas y la mejor relaci\u00f3n calidad precio.<\/p>\n\n\n\n<p>Su nueva l\u00ednea de herramientas pensada para el <strong>usuario <u>hobbista<\/u> y el uso cotidiano<\/strong>: tareas del hogar, mantenimiento general, proyectos personales y peque\u00f1os trabajos de taller. La propuesta busca ser <strong>simple de elegir, f\u00e1cil de usar y confiable<\/strong>, con un portfolio orientado a productos de alta demanda y rotaci\u00f3n en el canal ferretero.<\/p>\n\n\n\n<h3 class=\"wp-block-heading\"><strong>DYLLU con respaldo, garant\u00eda y servicio: el diferencial IMPEXPRO<\/strong><\/h3>\n\n\n\n<p>A la hora de comprar herramientas, el usuario valora cada vez m\u00e1s el \u201cdespu\u00e9s\u201d: garant\u00eda, repuestos y respaldo real. En ese sentido, DYLLU cuenta con <strong>la estructura de IMPEXPRO<\/strong>, la misma que sostiene el crecimiento y la reputaci\u00f3n de TOTAL en Argentina: una compa\u00f1\u00eda con presencia local, soporte comercial y un compromiso fuerte con la experiencia del cliente.<\/p>\n\n\n\n<p>Este lanzamiento reafirma una convicci\u00f3n: <strong>no se trata solo de sumar productos, sino de construir confianza<\/strong>. DYLLU llega para convertirse en una opci\u00f3n confiable en el segmento hobista, con el aval de un grupo que conoce el mercado ferretero y trabaja, desde hace a\u00f1os, para elevar el est\u00e1ndar de calidad y servicio.<\/p>\n\n\n\n<h3 class=\"wp-block-heading\"><strong>Un ecosistema de marcas para distintos perfiles de usuario<\/strong><\/h3>\n\n\n\n<p>El mercado est\u00e1 pidiendo segmentaci\u00f3n clara. Con DYLLU y TOTAL dentro del mismo grupo empresarial, IMPEXPRO ofrece una propuesta ordenada: <strong>marcas diferentes para necesidades distintas<\/strong>, pero con un mismo respaldo detr\u00e1s.<\/p>\n\n\n\n<p>DYLLU se suma as\u00ed como una nueva alternativa para el canal ferretero: una l\u00ednea de alta rotaci\u00f3n, ideal para ampliar surtido, captar consumidores de entrada y potenciar ventas por recomendaci\u00f3n, con una premisa simple: <strong>herramientas para el uso cotidiano, con respaldo real<\/strong>.<\/p>\n\n\n\n<p>Para m\u00e1s informaci\u00f3n pueden ingresar a: <a href=\"http:\/\/www.impexpro.com.ar\" target=\"_blank\" rel=\"noopener\">www.impexpro.com.ar<\/a><\/p>\n\n\n\n<figure class=\"wp-block-image aligncenter size-large\"><img fetchpriority=\"high\" decoding=\"async\" width=\"1024\" height=\"512\" src=\"https:\/\/revistaferreteros.com.ar\/wp-content\/uploads\/2026\/04\/DYLLU-otro-linea-Impexpro-para-ofrecer-en-tu-ferreteria-1024x512.webp\" alt=\"Ejemplo de uso de amoladora DYLLU, L\u00ednea distribuida en exclusividad por Impexpro\" class=\"wp-image-10457\" title=\"\" srcset=\"https:\/\/revistaferreteros.com.ar\/wp-content\/uploads\/2026\/04\/DYLLU-otro-linea-Impexpro-para-ofrecer-en-tu-ferreteria-1024x512.webp 1024w, https:\/\/revistaferreteros.com.ar\/wp-content\/uploads\/2026\/04\/DYLLU-otro-linea-Impexpro-para-ofrecer-en-tu-ferreteria-300x150.webp 300w, https:\/\/revistaferreteros.com.ar\/wp-content\/uploads\/2026\/04\/DYLLU-otro-linea-Impexpro-para-ofrecer-en-tu-ferreteria-768x384.webp 768w, https:\/\/revistaferreteros.com.ar\/wp-content\/uploads\/2026\/04\/DYLLU-otro-linea-Impexpro-para-ofrecer-en-tu-ferreteria-18x9.webp 18w, https:\/\/revistaferreteros.com.ar\/wp-content\/uploads\/2026\/04\/DYLLU-otro-linea-Impexpro-para-ofrecer-en-tu-ferreteria-600x300.webp 600w, https:\/\/revistaferreteros.com.ar\/wp-content\/uploads\/2026\/04\/DYLLU-otro-linea-Impexpro-para-ofrecer-en-tu-ferreteria.webp 1200w\" sizes=\"(max-width: 1024px) 100vw, 1024px\" \/><figcaption class=\"wp-element-caption\">Ejemplo de uso de amoladora DYLLU, nueva l\u00ednea distribuida en exclusividad por Impexpro<\/figcaption><\/figure>\n\n\n\n<p><strong>Pueden ver productos Total Herramientas<\/strong>, la otra l\u00ednea Impexpro tambien en <strong><a href=\"https:\/\/revistaferreteros.com.ar\/empresas\/total-herramientas\/\" target=\"_blank\" rel=\"noreferrer noopener\">Cat\u00e1logo Ferreteros \/ Total<\/a><\/strong><\/p>\n\n\n\n<p>Dejo algunos modelos:<\/p>\n\n\n\n<p><strong>Total Herramientas<\/strong> &#8211;<strong><a href=\"https:\/\/revistaferreteros.com.ar\/shop\/categorias\/herramientas\/total-herramientas-amoladora-angular-115mm-750w-calidad-industrial-total\/\" target=\"_blank\" rel=\"noreferrer noopener\">Amoladora Angular <\/a><\/strong>115mm 750w Calidad Industrial Total<\/p>\n\n\n\n<p>Amoladora Angular Total Tools 750W Monof\u00e1sica Para Disco 115 Mm con Mango Auxiliar y Velocidad M\u00e1xima de 11000 RPM. Dise\u00f1ada para alto rendimiento en aplicaciones profesionales y con calidad para uso industrial. Esta herramienta es ideal para realizar trabajos de amolado, cepillado y pulido, as\u00ed como para cortar, desbastar y lijar una variedad de materiales, incluyendo metal y pl\u00e1stico. No se recomienda para cortar madera.<\/p>\n\n\n\n<p><strong>Total Herramientas<\/strong>&#8211;<strong><a href=\"https:\/\/revistaferreteros.com.ar\/shop\/categorias\/herramientas\/total-herramientas-amoladora-angular-115mm-brushless-inalambrica-20v-total-color-turquesa\/\" target=\"_blank\" rel=\"noreferrer noopener\">Amoladora Angular <\/a><\/strong>115mm Brushless Inal\u00e1mbrica 20v Total Color Turquesa<\/p>\n\n\n\n<p>Amoladora Angular Inal\u00e1mbrica Total 20v<br>L\u00ednea Industrial<br>Modelo: TAGLI21154<\/p>\n\n\n\n<p><strong>Total Herramientas-Compresor De Aire Portatil<\/strong> 12v 120psi Total TTAC2506 Doble Pist\u00f3n Calidad Excepcional<\/p>\n\n\n\n<p>Compresor Inflador 12V a 13.5V Total Tools TTAC2506 2 Cilindros Doble Pist\u00f3n Presi\u00f3n M\u00e1xima 10 Bar 120 PSI Caudal M\u00e1ximo 45 Litros Por Minuto, Lider del mercado de compresores<br>Con el Total Tools TTAC2506, las tareas que requieran presi\u00f3n de aire ser\u00e1n m\u00e1s sencillas. Ahorra tiempo y logra excelentes resultados sin esfuerzo.<\/p>\n\n\n\n<p><strong>Total Herramientas-Sierra circular de mano Total Industrial<\/strong> TS11218576-4 1200w 185mm 220v<\/p>\n\n\n\n<p>Sierra Circular 1200 watts disco de 185 mm<br>marca: total<br>modelo: ts11218576-4<\/p>\n\n\n\n<p><strong>Total Herramientas-Taladro Atornillador Inal\u00e1mbrico<\/strong> Total 20v, Industrial, Motor Sin Carbones<\/p>\n\n\n\n<p>Atornillador Inal\u00e1mbrico Total 20v Doble Bater\u00eda<br>L\u00ednea Industrial<br>Modelo: TDLI20602<\/p>\n\n\n\n<p><strong>Total Herramientas-Taladro Atornillador Percutor El\u00e9ctrico Agujereadora<\/strong> Total 680w 13mm 3000rpm 220v<\/p>\n\n\n\n<p>El Taladro Percutor El\u00e9ctrico de 13mm Total TG1061356-4 de 680W y 220V es la herramienta perfecta para tus proyectos de bricolaje y trabajos profesionales. Con su potente motor de 680W, podr\u00e1s realizar perforaciones en diversos materiales con facilidad y rapidez. Su mandril de 13mm te permite utilizar brocas de diferentes tama\u00f1os, adapt\u00e1ndose a tus necesidades espec\u00edficas.<\/p>\n\n\n\n<h2 class=\"wp-block-heading\">\u00bfTe Gusta Nuestro Contenido?<\/h2>\n\n\n\n<p>No olvides de&nbsp;<strong><a href=\"https:\/\/revistaferreteros.com.ar\/contacto\/\" target=\"_blank\" rel=\"noreferrer noopener\">suscribirte a nuestro newsletter<\/a><\/strong>&nbsp;para estar siempre al tanto de todas las novedades al momento.<\/p>\n\n\n\n<p>Puedes pasar por nuestro&nbsp;<a href=\"https:\/\/revistaferreteros.com.ar\/catalogo-ferretero\/\" target=\"_blank\" rel=\"noreferrer noopener\">cat\u00e1logo&nbsp;<\/a>para ver todos los&nbsp;<a href=\"https:\/\/revistaferreteros.com.ar\/product-category\/categrias\/\" target=\"_blank\" rel=\"noreferrer noopener\">productos&nbsp;<\/a>que ofrecen las&nbsp;<a href=\"https:\/\/revistaferreteros.com.ar\/empresas\/\" target=\"_blank\" rel=\"noreferrer noopener\">empresas&nbsp;<\/a>del sector ferretero.<\/p>\n\n\n\n<p>Encontrar\u00e1s empresas de primera l\u00ednea y todos los productos para tu ferreter\u00eda. Rec\u00f3rrelo y disfruta de todo.<\/p>\n\n\n\n<p>Si quer\u00e9s ser anunciante y darnos tu apoyo cont\u00e1ctanos por whatsapp al&nbsp;<a href=\"http:\/\/+541144408542\/\" target=\"_blank\" rel=\"noreferrer noopener\">+541144408542<\/a>&nbsp;o a trav\u00e9s de nuestro&nbsp;<strong><a href=\"https:\/\/revistaferreteros.com.ar\/contacto\/#ser-anunciante\" target=\"_blank\" rel=\"noreferrer noopener\">formulario de contacto<\/a>.<\/strong><\/p>\n\n\n\n<h4 class=\"wp-block-heading\">Te invitamos a que descargues la&nbsp;<a href=\"https:\/\/revistaferreteros.com.ar\/revista-ferreteros-ultima-edicion\/\">\u00faltima edici\u00f3n<\/a>&nbsp;de la<strong><a href=\"https:\/\/revistaferreteros.com.ar\/revista-ferreteros\/\" target=\"_blank\" rel=\"noreferrer noopener\">&nbsp;Revista Ferreteros<\/a>:<\/strong><\/h4>\n\n\n\n<p><\/p>\n\n\n\n<figure class=\"wp-block-image aligncenter is-resized\"><img decoding=\"async\" width=\"652\" height=\"850\" src=\"https:\/\/revistaferreteros.com.ar\/wp-content\/uploads\/2026\/03\/TAPA-1.jpeg\" alt=\"tapa revista ferreteros edicion 1099\" class=\"wp-image-10356\" style=\"width:435px;height:auto\" title=\"Bluetools ampl\u00eda la l\u00ednea industrial de Duroll 6\" srcset=\"https:\/\/revistaferreteros.com.ar\/wp-content\/uploads\/2026\/03\/TAPA-1.jpeg 652w, https:\/\/revistaferreteros.com.ar\/wp-content\/uploads\/2026\/03\/TAPA-1-230x300.jpeg 230w, https:\/\/revistaferreteros.com.ar\/wp-content\/uploads\/2026\/03\/TAPA-1-9x12.jpeg 9w, https:\/\/revistaferreteros.com.ar\/wp-content\/uploads\/2026\/03\/TAPA-1-600x782.jpeg 600w\" sizes=\"(max-width: 652px) 100vw, 652px\" \/><figcaption class=\"wp-element-caption\">Tapa revista ferreteros edicion 1099<\/figcaption><\/figure>\n\n\n\n<p>Y si llegaste hasta ac\u00e1, &nbsp;<strong><a href=\"https:\/\/www.instagram.com\/revistaferreteros\/\" target=\"_blank\" rel=\"noreferrer noopener\">seguinos en Instagram<\/a><\/strong>&nbsp;para las&nbsp;<a href=\"https:\/\/revistaferreteros.com.ar\/novedades\/\" target=\"_blank\" rel=\"noreferrer noopener\"><strong>novedades&nbsp;<\/strong><\/a>al instante<\/p>","protected":false},"excerpt":{"rendered":"<p>ImpexPro distribuye de manera exclusiva para Argentina la marca DYLLU de herramientas inal\u00e1mbricas, el\u00e9ctricas, manuales y accesorios que llega para ampliar la l\u00ednea de TOTAL con soluciones confiables, vers\u00e1tiles y al alcance de todos.<\/p>","protected":false},"author":1,"featured_media":10456,"comment_status":"open","ping_status":"open","sticky":false,"template":"","format":"standard","meta":{"_eb_attr":"","_mi_skip_tracking":false,"_monsterinsights_sitenote_active":false,"_monsterinsights_sitenote_note":"","_monsterinsights_sitenote_category":0,"site-sidebar-layout":"default","site-content-layout":"","ast-site-content-layout":"default","site-content-style":"default","site-sidebar-style":"default","ast-global-header-display":"","ast-banner-title-visibility":"","ast-main-header-display":"","ast-hfb-above-header-display":"","ast-hfb-below-header-display":"","ast-hfb-mobile-header-display":"","site-post-title":"","ast-breadcrumbs-content":"","ast-featured-img":"","footer-sml-layout":"","ast-disable-related-posts":"","theme-transparent-header-meta":"","adv-header-id-meta":"","stick-header-meta":"","header-above-stick-meta":"","header-main-stick-meta":"","header-below-stick-meta":"","astra-migrate-meta-layouts":"set","ast-page-background-enabled":"default","ast-page-background-meta":{"desktop":{"background-color":"var(--ast-global-color-4)","background-image":"","background-repeat":"repeat","background-position":"center center","background-size":"auto","background-attachment":"scroll","background-type":"","background-media":"","overlay-type":"","overlay-color":"","overlay-opacity":"","overlay-gradient":""},"tablet":{"background-color":"","background-image":"","background-repeat":"repeat","background-position":"center center","background-size":"auto","background-attachment":"scroll","background-type":"","background-media":"","overlay-type":"","overlay-color":"","overlay-opacity":"","overlay-gradient":""},"mobile":{"background-color":"","background-image":"","background-repeat":"repeat","background-position":"center center","background-size":"auto","background-attachment":"scroll","background-type":"","background-media":"","overlay-type":"","overlay-color":"","overlay-opacity":"","overlay-gradient":""}},"ast-content-background-meta":{"desktop":{"background-color":"var(--ast-global-color-5)","background-image":"","background-repeat":"repeat","background-position":"center center","background-size":"auto","background-attachment":"scroll","background-type":"","background-media":"","overlay-type":"","overlay-color":"","overlay-opacity":"","overlay-gradient":""},"tablet":{"background-color":"var(--ast-global-color-5)","background-image":"","background-repeat":"repeat","background-position":"center center","background-size":"auto","background-attachment":"scroll","background-type":"","background-media":"","overlay-type":"","overlay-color":"","overlay-opacity":"","overlay-gradient":""},"mobile":{"background-color":"var(--ast-global-color-5)","background-image":"","background-repeat":"repeat","background-position":"center center","background-size":"auto","background-attachment":"scroll","background-type":"","background-media":"","overlay-type":"","overlay-color":"","overlay-opacity":"","overlay-gradient":""}},"footnotes":""},"categories":[42,43,38,296,66],"tags":[872,54,160,55,140,49],"class_list":["post-10458","post","type-post","status-publish","format-standard","has-post-thumbnail","hentry","category-ferreteria","category-ferreteros","category-herramientas","category-industria-ferretera","category-marca","tag-dyllu","tag-ferreteria","tag-ferreterias","tag-ferreteros","tag-herramientas","tag-sector-ferretero"],"_links":{"self":[{"href":"https:\/\/revistaferreteros.com.ar\/en\/wp-json\/wp\/v2\/posts\/10458","targetHints":{"allow":["GET"]}}],"collection":[{"href":"https:\/\/revistaferreteros.com.ar\/en\/wp-json\/wp\/v2\/posts"}],"about":[{"href":"https:\/\/revistaferreteros.com.ar\/en\/wp-json\/wp\/v2\/types\/post"}],"author":[{"embeddable":true,"href":"https:\/\/revistaferreteros.com.ar\/en\/wp-json\/wp\/v2\/users\/1"}],"replies":[{"embeddable":true,"href":"https:\/\/revistaferreteros.com.ar\/en\/wp-json\/wp\/v2\/comments?post=10458"}],"version-history":[{"count":3,"href":"https:\/\/revistaferreteros.com.ar\/en\/wp-json\/wp\/v2\/posts\/10458\/revisions"}],"predecessor-version":[{"id":10461,"href":"https:\/\/revistaferreteros.com.ar\/en\/wp-json\/wp\/v2\/posts\/10458\/revisions\/10461"}],"wp:featuredmedia":[{"embeddable":true,"href":"https:\/\/revistaferreteros.com.ar\/en\/wp-json\/wp\/v2\/media\/10456"}],"wp:attachment":[{"href":"https:\/\/revistaferreteros.com.ar\/en\/wp-json\/wp\/v2\/media?parent=10458"}],"wp:term":[{"taxonomy":"category","embeddable":true,"href":"https:\/\/revistaferreteros.com.ar\/en\/wp-json\/wp\/v2\/categories?post=10458"},{"taxonomy":"post_tag","embeddable":true,"href":"https:\/\/revistaferreteros.com.ar\/en\/wp-json\/wp\/v2\/tags?post=10458"}],"curies":[{"name":"wp","href":"https:\/\/api.w.org\/{rel}","templated":true}]}}