{"id":10370,"date":"2026-03-09T14:25:00","date_gmt":"2026-03-09T17:25:00","guid":{"rendered":"https:\/\/revistaferreteros.com.ar\/?p=10370"},"modified":"2026-03-09T14:25:01","modified_gmt":"2026-03-09T17:25:01","slug":"espacio-cafara-rosario-2026","status":"publish","type":"post","link":"https:\/\/revistaferreteros.com.ar\/en\/espacio-cafara-rosario-2026\/","title":{"rendered":"Espacio CAFARA Rosario 2026"},"content":{"rendered":"<p>El pr\u00f3ximo <strong>3 de septiembre de 2026<\/strong>, en el marco del <strong>D\u00eda del Ferretero<\/strong>, se realizar\u00e1 en la ciudad de Rosario una nueva edici\u00f3n de <strong>Espacio CAFARA<\/strong>, el encuentro que consolida a la C\u00e1mara como articuladora estrat\u00e9gica entre ferreteros y empresas proveedoras del sector.<\/p>\n\n\n\n<p>Con el objetivo de fortalecer v\u00ednculos comerciales, actualizar conocimientos y potenciar oportunidades de negocio, <strong><a href=\"https:\/\/espaciocafara.org.ar\/\" target=\"_blank\" rel=\"noreferrer noopener\">Espacio CAFARA<\/a> Rosario 2026<\/strong> se proyecta como una jornada de networking profesional especialmente dise\u00f1ada para generar un espacio de intercambio directo entre el ferretero y las principales empresas proveedoras del mercado.<\/p>\n\n\n\n<p>La nueva edici\u00f3n profundiza el concepto que distingue al evento: cercan\u00eda, intercambio genuino y visi\u00f3n de futuro. En un contexto desafiante para el sector, la iniciativa busca promover relaciones comerciales s\u00f3lidas, acceso a informaci\u00f3n estrat\u00e9gica y di\u00e1logo sobre tendencias que impactan en la gesti\u00f3n diaria de las ferreter\u00edas.<\/p>\n\n\n\n<p>La edici\u00f3n anterior dej\u00f3 resultados altamente positivos: <strong>160 ferreteros participaron activamente del encuentro junto a 20 empresas del sector<\/strong>, consolidando un \u00e1mbito profesional din\u00e1mico y productivo. La convocatoria reflej\u00f3 el inter\u00e9s del mercado por contar con espacios presenciales que impulsen el desarrollo comercial.<\/p>\n\n\n\n<h2 class=\"wp-block-heading\">Perfil de asistentes a Espacio CAFARA<\/h2>\n\n\n\n<p>El perfil de asistentes est\u00e1 integrado por <strong>propietarios de ferreter\u00edas y empleados del sector<\/strong>, quienes encuentran en Espacio CAFARA una oportunidad concreta para ampliar su red de contactos, conocer nuevos productos, actualizarse en tendencias y establecer v\u00ednculos estrat\u00e9gicos con proveedores clave.<\/p>\n\n\n\n<p>CAFARA&nbsp; invita a todos los actores del sector a <strong>reservar la fecha en agenda y ser parte de este nuevo cap\u00edtulo en Rosario<\/strong>, celebrando el D\u00eda del Ferretero en un entorno profesional que impulsa el crecimiento, la innovaci\u00f3n y la integraci\u00f3n del mercado.<\/p>\n\n\n\n<p>Espacio CAFARA Rosario 2026 reafirma as\u00ed su compromiso de continuar generando \u00e1mbitos de encuentro que fortalecen al sector ferretero argentino.<\/p>\n\n\n\n<p>Mayor Informaci\u00f3n sobre <strong><a href=\"https:\/\/espaciocafara.org.ar\/\" target=\"_blank\" rel=\"noreferrer noopener\">Espacio CAFARA<\/a><\/strong> 2026:<\/p>\n\n\n\n<p>Whatts App: 11 4440 8542<\/p>\n\n\n\n<p>Mail: domuseditora.srl@gmail.com<\/p>\n\n\n\n<figure class=\"wp-block-image aligncenter size-large\"><img fetchpriority=\"high\" decoding=\"async\" width=\"1024\" height=\"512\" src=\"https:\/\/revistaferreteros.com.ar\/wp-content\/uploads\/2026\/03\/Nuevo-encuentro-en-Espacio-CAFARA-Rosario-el-3-de-septiembre-2026-1024x512.jpg\" alt=\"Nuevo encuentro en Espacio CAFARA el 3 de septiembre 2026\" class=\"wp-image-10369\" title=\"\" srcset=\"https:\/\/revistaferreteros.com.ar\/wp-content\/uploads\/2026\/03\/Nuevo-encuentro-en-Espacio-CAFARA-Rosario-el-3-de-septiembre-2026-1024x512.jpg 1024w, https:\/\/revistaferreteros.com.ar\/wp-content\/uploads\/2026\/03\/Nuevo-encuentro-en-Espacio-CAFARA-Rosario-el-3-de-septiembre-2026-300x150.jpg 300w, https:\/\/revistaferreteros.com.ar\/wp-content\/uploads\/2026\/03\/Nuevo-encuentro-en-Espacio-CAFARA-Rosario-el-3-de-septiembre-2026-768x384.jpg 768w, https:\/\/revistaferreteros.com.ar\/wp-content\/uploads\/2026\/03\/Nuevo-encuentro-en-Espacio-CAFARA-Rosario-el-3-de-septiembre-2026-18x9.jpg 18w, https:\/\/revistaferreteros.com.ar\/wp-content\/uploads\/2026\/03\/Nuevo-encuentro-en-Espacio-CAFARA-Rosario-el-3-de-septiembre-2026-600x300.jpg 600w, https:\/\/revistaferreteros.com.ar\/wp-content\/uploads\/2026\/03\/Nuevo-encuentro-en-Espacio-CAFARA-Rosario-el-3-de-septiembre-2026.jpg 1200w\" sizes=\"(max-width: 1024px) 100vw, 1024px\" \/><figcaption class=\"wp-element-caption\">Nuevo encuentro en Espacio CAFARA el 3 de septiembre 2026<\/figcaption><\/figure>\n\n\n\n<p>Podes Encontrar todo lo acontencido en el primer y exitoso Espacio CAFARA 2024, en Novededes de nuestra Revista Ferreteros.<\/p>\n\n\n\n<p>Te dejo el link de esta nota y un peque\u00f1o resumen: <a href=\"https:\/\/revistaferreteros.com.ar\/exito-rotundo-de-espacio-cafara-rosario\" target=\"_blank\" rel=\"noreferrer noopener\">https:\/\/revistaferreteros.com.ar\/exito-rotundo-de-espacio-cafara-rosario<\/a><\/p>\n\n\n\n<p>El pasado martes 5 de diciembre, la ciudad de Rosario fue el escenario de la inauguraci\u00f3n del&nbsp;<strong>Espacio CAFARA<\/strong>, el \u00e9xito de un proyecto que materializa un sue\u00f1o compartido por generaciones de Comisiones Directivas de la C\u00e1mara de Ferreter\u00edas y Afines de la Rep\u00fablica Argentina (CAFARA). La jornada, celebrada en el emblem\u00e1tico Centro Castilla, cont\u00f3 con una gran convocatoria y el respaldo de destacados referentes del sector empresarial y pol\u00edtico.<\/p>\n\n\n\n<p>El evento de gran \u00e9xitofue convocado por&nbsp;<strong>ExpoFerretera<\/strong>,&nbsp;<strong>Revista Ferreteros<\/strong>&nbsp;y&nbsp;<strong>CAFARA<\/strong>&nbsp;, y organizado por CAFARA&nbsp; y cont\u00f3 con el auspicio institucional de la&nbsp;<strong>Municipalidad de Rosario<\/strong>, la&nbsp;<strong>Asociaci\u00f3n Empresaria de Rosario<\/strong>, y C\u00e1mara Argentina de Pinturer\u00edas, C\u00e1mara de la Mediana Empresa y C\u00e1mara de restauradores y pintores de la Rep\u00fablica Argentina. Tambi\u00e9n se destac\u00f3 el apoyo de empresas l\u00edderes del sector, como&nbsp;<strong>Alarko<\/strong>,&nbsp;<strong>Aliafor,<\/strong>&nbsp;<strong>Bremen Tools<\/strong>,&nbsp;<strong>Bahco, Kuwait, Distribuidora Pappertei<\/strong>,&nbsp;<strong>Evel mediciones,<\/strong>&nbsp;<strong>Tek Bond, Cerraduras Prive,<\/strong>&nbsp;<strong>Ferretera General Paz<\/strong>,&nbsp;<strong>Norton<\/strong>&nbsp;<strong>SPL Distribuidora<\/strong>,&nbsp;<strong>Vonder y Distribuidora Volta de Materiales el\u00e9ctricos, Carreteles Rafaela, Thaxol<\/strong><\/p>\n\n\n\n<p><\/p>\n\n\n\n<h2 class=\"wp-block-heading\">\u00bfTe Gusta Nuestro Contenido?<\/h2>\n\n\n\n<p>No olvides de&nbsp;<strong><a href=\"https:\/\/revistaferreteros.com.ar\/contacto\/\" target=\"_blank\" rel=\"noreferrer noopener\">suscribirte a nuestro newsletter<\/a><\/strong>&nbsp;para estar siempre al tanto de todas las novedades al momento.<\/p>\n\n\n\n<p>Puedes pasar por nuestro&nbsp;<a href=\"https:\/\/revistaferreteros.com.ar\/catalogo-ferretero\/\" target=\"_blank\" rel=\"noreferrer noopener\">cat\u00e1logo&nbsp;<\/a>para ver todos los&nbsp;<a href=\"https:\/\/revistaferreteros.com.ar\/product-category\/categrias\/\" target=\"_blank\" rel=\"noreferrer noopener\">productos&nbsp;<\/a>que ofrecen las&nbsp;<a href=\"https:\/\/revistaferreteros.com.ar\/empresas\/\" target=\"_blank\" rel=\"noreferrer noopener\">empresas&nbsp;<\/a>del sector ferretero.<\/p>\n\n\n\n<p>Encontrar\u00e1s empresas de primera l\u00ednea y todos los productos para tu ferreter\u00eda. Rec\u00f3rrelo y disfruta de todo.<\/p>\n\n\n\n<p>Si quer\u00e9s ser anunciante y darnos tu apoyo cont\u00e1ctanos por whatsapp al&nbsp;<a href=\"http:\/\/+541144408542\/\" target=\"_blank\" rel=\"noreferrer noopener\">+541144408542<\/a>&nbsp;o a trav\u00e9s de nuestro&nbsp;<strong><a href=\"https:\/\/revistaferreteros.com.ar\/contacto\/#ser-anunciante\" target=\"_blank\" rel=\"noreferrer noopener\">formulario de contacto<\/a>.<\/strong><\/p>\n\n\n\n<h4 class=\"wp-block-heading\">Te invitamos a que descargues la&nbsp;<a href=\"https:\/\/revistaferreteros.com.ar\/revista-ferreteros-ultima-edicion\/\">\u00faltima edici\u00f3n<\/a>&nbsp;de la<strong><a href=\"https:\/\/revistaferreteros.com.ar\/revista-ferreteros\/\" target=\"_blank\" rel=\"noreferrer noopener\">&nbsp;Revista Ferreteros<\/a>:<\/strong><\/h4>\n\n\n\n<p><\/p>\n\n\n\n<figure class=\"wp-block-image aligncenter size-full is-resized\"><img decoding=\"async\" width=\"652\" height=\"850\" src=\"https:\/\/revistaferreteros.com.ar\/wp-content\/uploads\/2026\/03\/TAPA-1.jpeg\" alt=\"tapa revista ferreteros edicion 1099\" class=\"wp-image-10356\" style=\"width:383px;height:auto\" title=\"Bluetools ampl\u00eda la l\u00ednea industrial de Duroll 6\" srcset=\"https:\/\/revistaferreteros.com.ar\/wp-content\/uploads\/2026\/03\/TAPA-1.jpeg 652w, https:\/\/revistaferreteros.com.ar\/wp-content\/uploads\/2026\/03\/TAPA-1-230x300.jpeg 230w, https:\/\/revistaferreteros.com.ar\/wp-content\/uploads\/2026\/03\/TAPA-1-9x12.jpeg 9w, https:\/\/revistaferreteros.com.ar\/wp-content\/uploads\/2026\/03\/TAPA-1-600x782.jpeg 600w\" sizes=\"(max-width: 652px) 100vw, 652px\" \/><figcaption class=\"wp-element-caption\">tapa revista ferreteros edicion 1099<\/figcaption><\/figure>\n\n\n\n<p>Y si llegaste hasta ac\u00e1, &nbsp;<strong><a href=\"https:\/\/www.instagram.com\/revistaferreteros\/\" target=\"_blank\" rel=\"noreferrer noopener\">seguinos en Instagram<\/a><\/strong>&nbsp;para las&nbsp;<a href=\"https:\/\/revistaferreteros.com.ar\/novedades\/\" target=\"_blank\" rel=\"noreferrer noopener\"><strong>novedades&nbsp;<\/strong><\/a>al instante<\/p>","protected":false},"excerpt":{"rendered":"<p>Vuelve Espacio CAFARA, el punto de encuentro del sector: 3 de septiembre en Rosario<\/p>","protected":false},"author":1,"featured_media":10368,"comment_status":"open","ping_status":"open","sticky":false,"template":"","format":"standard","meta":{"_eb_attr":"","_mi_skip_tracking":false,"_monsterinsights_sitenote_active":false,"_monsterinsights_sitenote_note":"","_monsterinsights_sitenote_category":0,"site-sidebar-layout":"default","site-content-layout":"","ast-site-content-layout":"default","site-content-style":"default","site-sidebar-style":"default","ast-global-header-display":"","ast-banner-title-visibility":"","ast-main-header-display":"","ast-hfb-above-header-display":"","ast-hfb-below-header-display":"","ast-hfb-mobile-header-display":"","site-post-title":"","ast-breadcrumbs-content":"","ast-featured-img":"","footer-sml-layout":"","ast-disable-related-posts":"","theme-transparent-header-meta":"","adv-header-id-meta":"","stick-header-meta":"","header-above-stick-meta":"","header-main-stick-meta":"","header-below-stick-meta":"","astra-migrate-meta-layouts":"set","ast-page-background-enabled":"default","ast-page-background-meta":{"desktop":{"background-color":"var(--ast-global-color-4)","background-image":"","background-repeat":"repeat","background-position":"center center","background-size":"auto","background-attachment":"scroll","background-type":"","background-media":"","overlay-type":"","overlay-color":"","overlay-opacity":"","overlay-gradient":""},"tablet":{"background-color":"","background-image":"","background-repeat":"repeat","background-position":"center center","background-size":"auto","background-attachment":"scroll","background-type":"","background-media":"","overlay-type":"","overlay-color":"","overlay-opacity":"","overlay-gradient":""},"mobile":{"background-color":"","background-image":"","background-repeat":"repeat","background-position":"center center","background-size":"auto","background-attachment":"scroll","background-type":"","background-media":"","overlay-type":"","overlay-color":"","overlay-opacity":"","overlay-gradient":""}},"ast-content-background-meta":{"desktop":{"background-color":"var(--ast-global-color-5)","background-image":"","background-repeat":"repeat","background-position":"center center","background-size":"auto","background-attachment":"scroll","background-type":"","background-media":"","overlay-type":"","overlay-color":"","overlay-opacity":"","overlay-gradient":""},"tablet":{"background-color":"var(--ast-global-color-5)","background-image":"","background-repeat":"repeat","background-position":"center center","background-size":"auto","background-attachment":"scroll","background-type":"","background-media":"","overlay-type":"","overlay-color":"","overlay-opacity":"","overlay-gradient":""},"mobile":{"background-color":"var(--ast-global-color-5)","background-image":"","background-repeat":"repeat","background-position":"center center","background-size":"auto","background-attachment":"scroll","background-type":"","background-media":"","overlay-type":"","overlay-color":"","overlay-opacity":"","overlay-gradient":""}},"footnotes":""},"categories":[36,757,671,296,37,135],"tags":[136,134,855,54,160,55,140,49],"class_list":["post-10370","post","type-post","status-publish","format-standard","has-post-thumbnail","hentry","category-cafara","category-capacitacion","category-espacio-cafara","category-industria-ferretera","category-institucional","category-nota-destacada","tag-destacada","tag-destacado","tag-espacio-cafara","tag-ferreteria","tag-ferreterias","tag-ferreteros","tag-herramientas","tag-sector-ferretero"],"_links":{"self":[{"href":"https:\/\/revistaferreteros.com.ar\/en\/wp-json\/wp\/v2\/posts\/10370","targetHints":{"allow":["GET"]}}],"collection":[{"href":"https:\/\/revistaferreteros.com.ar\/en\/wp-json\/wp\/v2\/posts"}],"about":[{"href":"https:\/\/revistaferreteros.com.ar\/en\/wp-json\/wp\/v2\/types\/post"}],"author":[{"embeddable":true,"href":"https:\/\/revistaferreteros.com.ar\/en\/wp-json\/wp\/v2\/users\/1"}],"replies":[{"embeddable":true,"href":"https:\/\/revistaferreteros.com.ar\/en\/wp-json\/wp\/v2\/comments?post=10370"}],"version-history":[{"count":1,"href":"https:\/\/revistaferreteros.com.ar\/en\/wp-json\/wp\/v2\/posts\/10370\/revisions"}],"predecessor-version":[{"id":10371,"href":"https:\/\/revistaferreteros.com.ar\/en\/wp-json\/wp\/v2\/posts\/10370\/revisions\/10371"}],"wp:featuredmedia":[{"embeddable":true,"href":"https:\/\/revistaferreteros.com.ar\/en\/wp-json\/wp\/v2\/media\/10368"}],"wp:attachment":[{"href":"https:\/\/revistaferreteros.com.ar\/en\/wp-json\/wp\/v2\/media?parent=10370"}],"wp:term":[{"taxonomy":"category","embeddable":true,"href":"https:\/\/revistaferreteros.com.ar\/en\/wp-json\/wp\/v2\/categories?post=10370"},{"taxonomy":"post_tag","embeddable":true,"href":"https:\/\/revistaferreteros.com.ar\/en\/wp-json\/wp\/v2\/tags?post=10370"}],"curies":[{"name":"wp","href":"https:\/\/api.w.org\/{rel}","templated":true}]}}